[{"@context":"https:\/\/schema.org\/","@type":"Article","@id":"https:\/\/www.steso.cz\/jak-najit-svuj-modni-styl\/#Article","mainEntityOfPage":"https:\/\/www.steso.cz\/jak-najit-svuj-modni-styl\/","headline":"Jak naj\u00edt sv\u016fj m\u00f3dn\u00ed styl","name":"Jak naj\u00edt sv\u016fj m\u00f3dn\u00ed styl","description":"Nen\u00ed pochyb o tom, \u017ee ka\u017ed\u00fd \u010dlov\u011bk je jin\u00fd. M\u00e1me jinou postavu, jin\u00fd typ obli\u010deje, vlas\u016f. Je tedy jen logick\u00e9, [&hellip;]","datePublished":"2023-02-25","dateModified":"2023-04-25","author":{"@type":"Person","@id":"https:\/\/www.steso.cz\/author\/#Person","name":"","url":"https:\/\/www.steso.cz\/author\/","identifier":1,"image":{"@type":"ImageObject","@id":"https:\/\/secure.gravatar.com\/avatar\/01173f1da90dde8adb887d6793fa4e42c4004e53f8d645d9b1cb57c2dee8e188?s=96&d=mm&r=g","url":"https:\/\/secure.gravatar.com\/avatar\/01173f1da90dde8adb887d6793fa4e42c4004e53f8d645d9b1cb57c2dee8e188?s=96&d=mm&r=g","height":96,"width":96}},"publisher":{"@type":"Organization","name":"steso.cz","logo":{"@type":"ImageObject","@id":"\/logo.png","url":"\/logo.png","width":600,"height":60}},"image":{"@type":"ImageObject","@id":"https:\/\/www.steso.cz\/wp-content\/uploads\/moda2_4.jpg","url":"https:\/\/www.steso.cz\/wp-content\/uploads\/moda2_4.jpg","height":0,"width":0},"url":"https:\/\/www.steso.cz\/jak-najit-svuj-modni-styl\/","about":["M\u00f3da"],"wordCount":417,"articleBody":"Nen\u00ed pochyb o tom, \u017ee ka\u017ed\u00fd \u010dlov\u011bk je jin\u00fd. M\u00e1me jinou postavu, jin\u00fd typ obli\u010deje, vlas\u016f. Je tedy jen logick\u00e9, \u017ee neexistuje m\u00f3dn\u00ed trend, kter\u00fd by byl vhodn\u00fd pro v\u0161echny, a\u010dkoliv se n\u00e1s o tom nejr\u016fzn\u011bj\u0161\u00ed m\u00f3dn\u00ed \u010dasopisy sna\u017e\u00ed p\u0159esv\u011bd\u010dit.\u00a0Ka\u017ed\u00e9mu zkr\u00e1tka slu\u0161\u00ed n\u011bco trochu jin\u00e9ho, tak\u017ee je dobr\u00e9 se zamyslet, co nejl\u00e9pe padne pr\u00e1v\u011b v\u00e1m. To v\u0161ak nen\u00ed tak jednoduch\u00e9, jak se na prvn\u00ed pohled m\u016f\u017ee zd\u00e1t. Jen m\u00e1lokdo dok\u00e1\u017ee s\u00e1m pro sebe naj\u00edt vhodn\u00fd styl. Br\u00e1n\u00ed mu v\u00a0tom toti\u017e hned n\u011bkolik p\u0159ek\u00e1\u017eek.\u00a0\u00a0Jednou z\u00a0nich jsou spole\u010densk\u00e9 konvence. Pokud nap\u0159\u00edklad p\u0159ijde do m\u00f3dy ur\u010dit\u00fd typ kalhot, pak je na n\u00e1s vyv\u00edjen prakticky neust\u00e1l\u00fd tlak, a\u0165 u\u017e z\u00a0televize nebo ze str\u00e1nek m\u00f3dn\u00edch \u010dasopis\u016f, abychom je nosili tak\u00e9, a to bez ohledu na to, zda na n\u011b m\u00e1me postavu.\u00a0D\u00e1le je to jak\u00fdsi trend uniformity, kter\u00fd prostupuje m\u00f3dn\u00edm sv\u011btem. N\u00e1vrh\u00e1\u0159i v\u00a0podstat\u011b chrl\u00ed modely bez ohledu na postavu toho, kdo je bude nosit. Hlavn\u00ed je, aby vypadal skv\u011ble na vysok\u00e9, \u0161t\u00edhl\u00e9 modelce. To, \u017ee v\u011bt\u0161ina z\u00a0n\u00e1s takov\u00e9to t\u011blesn\u00e9 proporce nem\u00e1, je podru\u017en\u00e9.\u00a0\u00a0Svou vinu na to maj\u00ed i \u010dasopisy pro \u017eeny, kter\u00e9 uve\u0159ej\u0148uj\u00ed, co se zrovna nos\u00ed. I zde jsou ony modelky vysok\u00e9, \u0161t\u00edhl\u00e9 \u017eeny, kter\u00e9 rozhodn\u011b nep\u0159edstavuj\u00ed pr\u016fm\u011brnou osobu. Zde je situace o to hor\u0161\u00ed, \u017ee na rozd\u00edl od m\u00f3dn\u00edch p\u0159ehl\u00eddek jsou tyto \u010dl\u00e1nky prezentov\u00e1ny tak, \u017ee ony modely m\u016f\u017ee, \u010di dokonce by m\u011bla, nosit ka\u017ed\u00e1 \u017eena.\u00a0To v\u0161e m\u00e1 na n\u00e1s i psychologick\u00fd vliv, kter\u00fd zp\u016fsobuje, \u017ee v\u011bt\u0161ina z\u00a0n\u00e1s nen\u00ed p\u0159\u00edli\u0161 schopna vybrat si v\u00a0obchodech to, co n\u00e1m skute\u010dn\u011b slu\u0161\u00ed. V\u011bt\u0161inou toti\u017e neuva\u017eujeme \u201eslu\u0161\u00ed mi to, nebo ne?\u201c, ale \u201enos\u00ed se tenhle model, nebo je lo\u0148sk\u00fd?\u201c, co\u017e je chyba.\u00a0Je tedy pot\u0159eba se od t\u011bchto paradigmat oprostit a za\u010d\u00edt o sob\u011b p\u0159em\u00fd\u0161let i v\u00a0tomto ohledu jako o jednotlivci. Koneckonc\u016f, dne\u0161n\u00ed doba oslavuje individualitu, a rozhodn\u011b by st\u00e1lo za to p\u0159en\u00e9st ji i do m\u00f3dn\u00edho sv\u011bta.                                                                                                                                                                                                                                                                                                                                                                                        4.1\/5 - (7 votes)        "},{"@context":"https:\/\/schema.org\/","@type":"BreadcrumbList","itemListElement":[{"@type":"ListItem","position":1,"name":"Jak naj\u00edt sv\u016fj m\u00f3dn\u00ed styl","item":"https:\/\/www.steso.cz\/jak-najit-svuj-modni-styl\/#breadcrumbitem"}]}]