[{"@context":"https:\/\/schema.org\/","@type":"Article","@id":"https:\/\/www.steso.cz\/kdo-nema-sidlo-nepodnika\/#Article","mainEntityOfPage":"https:\/\/www.steso.cz\/kdo-nema-sidlo-nepodnika\/","headline":"Kdo nem\u00e1 s\u00eddlo, nepodnik\u00e1","name":"Kdo nem\u00e1 s\u00eddlo, nepodnik\u00e1","description":"Nen\u00ed v\u016fbec mysliteln\u00e9, aby existovala firma, kter\u00e1 se nikde nenach\u00e1z\u00ed. Nikdo z lid\u00ed nemus\u00ed b\u00fdt g\u00e9nius, aby ch\u00e1pal, pro\u010d je [&hellip;]","datePublished":"2023-02-27","dateModified":"2023-04-25","author":{"@type":"Person","@id":"https:\/\/www.steso.cz\/author\/#Person","name":"","url":"https:\/\/www.steso.cz\/author\/","identifier":1,"image":{"@type":"ImageObject","@id":"https:\/\/secure.gravatar.com\/avatar\/01173f1da90dde8adb887d6793fa4e42c4004e53f8d645d9b1cb57c2dee8e188?s=96&d=mm&r=g","url":"https:\/\/secure.gravatar.com\/avatar\/01173f1da90dde8adb887d6793fa4e42c4004e53f8d645d9b1cb57c2dee8e188?s=96&d=mm&r=g","height":96,"width":96}},"publisher":{"@type":"Organization","name":"steso.cz","logo":{"@type":"ImageObject","@id":"\/logo.png","url":"\/logo.png","width":600,"height":60}},"image":{"@type":"ImageObject","@id":"https:\/\/www.steso.cz\/wp-content\/uploads\/china-2661986_960_720.jpg","url":"https:\/\/www.steso.cz\/wp-content\/uploads\/china-2661986_960_720.jpg","height":0,"width":0},"url":"https:\/\/www.steso.cz\/kdo-nema-sidlo-nepodnika\/","about":["Podnik\u00e1n\u00ed"],"wordCount":402,"articleBody":"   Nen\u00ed v\u016fbec mysliteln\u00e9, aby existovala firma, kter\u00e1 se nikde nenach\u00e1z\u00ed. Nikdo z lid\u00ed nemus\u00ed b\u00fdt g\u00e9nius, aby ch\u00e1pal, pro\u010d je to tak, proto\u017ee je to zkr\u00e1tka zcela zjevn\u00fd fakt. Firma, kter\u00e1 nem\u00e1 sv\u00e9 s\u00eddlo, neexistuje, proto\u017ee by nebyla k nalezen\u00ed, a bez toho by nem\u011bla ani ty sebemen\u0161\u00ed p\u0159edpoklady k u\u017eiven\u00ed se.Nen\u00ed tedy nelogick\u00e9, \u017ee v\u0161ichni, kdo se cht\u011bj\u00ed do soukrom\u00e9ho podnik\u00e1n\u00ed pustit, sh\u00e1n\u011bj\u00ed jako prvn\u00ed nebo p\u0159inejmen\u0161\u00edm jednu z prvn\u00edch z\u00e1le\u017eitost\u00ed a nezbytnost\u00ed pr\u00e1v\u011b n\u011bjak\u00fd objekt, ve kter\u00e9m by byla jejich rod\u00edc\u00ed se firma zaregistrov\u00e1na. A\u017e pot\u00e9, co je toto \u00fa\u0159edn\u011b zaji\u0161t\u011bno, se toti\u017e m\u016f\u017ee v\u0161echno pohnout vp\u0159ed.Ale ne v\u0161ichni ti, kdo se rozhodnou podnikat, to maj\u00ed s po\u0159izov\u00e1n\u00edm si s\u00eddla jednoduch\u00e9. N\u011bkdo vyu\u017eije objekt, kter\u00fd z\u00edskal dejme tomu coby d\u011bdictv\u00ed, n\u011bkdo si takov\u00fd objekt koup\u00ed, n\u011bkdo t\u0159eba pronajme. Mo\u017enost\u00ed, jak z\u00edskat pro sv\u016fj podnik s\u00eddlo, je v\u00edce. A lze si z nich vyb\u00edrat. Pokud m\u00e1 tedy \u010dlov\u011bk podm\u00ednky pro vyb\u00edr\u00e1n\u00ed si.Ov\u0161em v\u011bt\u0161inou se mus\u00ed firemn\u00ed objekt vyu\u017eiteln\u00fd jako s\u00eddlo od n\u011bkoho koupit, a to leze do pen\u011bz. Zejm\u00e9na kdy\u017e m\u00e1 b\u00fdt s\u00eddlo firmy skute\u010dn\u011b reprezentativn\u00ed, kdy\u017e nem\u00e1 d\u011blat jenom ostudu sv\u00fdm vzhledem nebo t\u0159eba lokalitou. A je docela \u010dast\u00fdm \u00fakazem, \u017ee na to prav\u00e9 nen\u00ed pen\u011bz dost. A kdy\u017e si n\u011bkdo nem\u016f\u017ee pro sv\u016fj podnik po\u0159\u00eddit takov\u00fd objekt, jak\u00fd by si p\u0159edstavoval? Pak to p\u0159esto nen\u00ed docela ztracen\u00e9, proto\u017ee stejn\u011b jako b\u011b\u017enou nemovitost lze vyu\u017e\u00edt i toliko virtu\u00e1ln\u00ed s\u00eddlo firmy Brno. Co\u017e znamen\u00e1, \u017ee budouc\u00ed podnikatel oslov\u00ed majitele nemovitosti, ve kter\u00e9 se virtu\u00e1ln\u00ed s\u00eddla nab\u00edzej\u00ed, a za pakatel si tu nech\u00e1 z\u0159\u00eddit svou firemn\u00ed adresu i s mo\u017enost\u00ed vyu\u017eit\u00ed n\u011bkter\u00fdch dopl\u0148kov\u00fdch slu\u017eeb. Takov\u00e9 virtu\u00e1ln\u00ed s\u00eddlo sice podnikateli nepat\u0159\u00ed, ale m\u016f\u017ee se j\u00edm prezentovat p\u0159ed ve\u0159ejnost\u00ed, z\u00e1kazn\u00edky i \u00fa\u0159ady. A m\u016f\u017ee tak bez probl\u00e9m\u016f podnikat, ani\u017e by to byla n\u011bjak\u00e1 z\u00e1t\u011b\u017e.                                                                                                                                                                                                                                                                                                                                                                                          4.2\/5 - (5 votes)        "},{"@context":"https:\/\/schema.org\/","@type":"BreadcrumbList","itemListElement":[{"@type":"ListItem","position":1,"name":"Kdo nem\u00e1 s\u00eddlo, nepodnik\u00e1","item":"https:\/\/www.steso.cz\/kdo-nema-sidlo-nepodnika\/#breadcrumbitem"}]}]