{"@context":"https:\/\/schema.org\/","@type":"CollectionPage","@id":"https:\/\/www.steso.cz\/moda\/#CollectionPage","headline":"M\u00f3da Category","description":"","url":"https:\/\/www.steso.cz\/moda\/","hasPart":[{"@type":"Article","@id":"https:\/\/www.steso.cz\/kdy-je-vhodne-se-ridit-modou\/","headline":"Kdy je vhodn\u00e9 se \u0159\u00eddit m\u00f3dou","url":"https:\/\/www.steso.cz\/kdy-je-vhodne-se-ridit-modou\/","datePublished":"2023-08-05","dateModified":"2024-04-05","mainEntityOfPage":"https:\/\/www.steso.cz\/kdy-je-vhodne-se-ridit-modou\/","author":{"@type":"Person","@id":"https:\/\/www.steso.cz\/author\/#Person","name":"","url":"https:\/\/www.steso.cz\/author\/","identifier":1,"image":{"@type":"ImageObject","@id":"https:\/\/secure.gravatar.com\/avatar\/01173f1da90dde8adb887d6793fa4e42c4004e53f8d645d9b1cb57c2dee8e188?s=96&d=mm&r=g","url":"https:\/\/secure.gravatar.com\/avatar\/01173f1da90dde8adb887d6793fa4e42c4004e53f8d645d9b1cb57c2dee8e188?s=96&d=mm&r=g","height":96,"width":96}},"publisher":{"@type":"Organization","name":"steso.cz","logo":{"@type":"ImageObject","@id":"\/logo.png","url":"\/logo.png","width":600,"height":60}},"image":{"@type":"ImageObject","@id":"https:\/\/www.steso.cz\/wp-content\/uploads\/divadlo1_5.jpg","url":"https:\/\/www.steso.cz\/wp-content\/uploads\/divadlo1_5.jpg","height":0,"width":0},"keywords":null},{"@type":"Article","@id":"https:\/\/www.steso.cz\/jak-najit-svuj-modni-styl\/","headline":"Jak naj\u00edt sv\u016fj m\u00f3dn\u00ed styl","url":"https:\/\/www.steso.cz\/jak-najit-svuj-modni-styl\/","datePublished":"2023-02-25","dateModified":"2023-04-25","mainEntityOfPage":"https:\/\/www.steso.cz\/jak-najit-svuj-modni-styl\/","author":{"@type":"Person","@id":"https:\/\/www.steso.cz\/author\/#Person","name":"","url":"https:\/\/www.steso.cz\/author\/","identifier":1,"image":{"@type":"ImageObject","@id":"https:\/\/secure.gravatar.com\/avatar\/01173f1da90dde8adb887d6793fa4e42c4004e53f8d645d9b1cb57c2dee8e188?s=96&d=mm&r=g","url":"https:\/\/secure.gravatar.com\/avatar\/01173f1da90dde8adb887d6793fa4e42c4004e53f8d645d9b1cb57c2dee8e188?s=96&d=mm&r=g","height":96,"width":96}},"publisher":{"@type":"Organization","name":"steso.cz","logo":{"@type":"ImageObject","@id":"\/logo.png","url":"\/logo.png","width":600,"height":60}},"image":{"@type":"ImageObject","@id":"https:\/\/www.steso.cz\/wp-content\/uploads\/moda2_4.jpg","url":"https:\/\/www.steso.cz\/wp-content\/uploads\/moda2_4.jpg","height":0,"width":0},"keywords":null},{"@type":"Article","@id":"https:\/\/www.steso.cz\/moda-a-dnesni-spolecnost\/","headline":"M\u00f3da a dne\u0161n\u00ed spole\u010dnost","url":"https:\/\/www.steso.cz\/moda-a-dnesni-spolecnost\/","datePublished":"2023-01-07","dateModified":"2023-06-07","mainEntityOfPage":"https:\/\/www.steso.cz\/moda-a-dnesni-spolecnost\/","author":{"@type":"Person","@id":"https:\/\/www.steso.cz\/author\/#Person","name":"","url":"https:\/\/www.steso.cz\/author\/","identifier":1,"image":{"@type":"ImageObject","@id":"https:\/\/secure.gravatar.com\/avatar\/01173f1da90dde8adb887d6793fa4e42c4004e53f8d645d9b1cb57c2dee8e188?s=96&d=mm&r=g","url":"https:\/\/secure.gravatar.com\/avatar\/01173f1da90dde8adb887d6793fa4e42c4004e53f8d645d9b1cb57c2dee8e188?s=96&d=mm&r=g","height":96,"width":96}},"publisher":{"@type":"Organization","name":"steso.cz","logo":{"@type":"ImageObject","@id":"\/logo.png","url":"\/logo.png","width":600,"height":60}},"image":{"@type":"ImageObject","@id":"https:\/\/www.steso.cz\/wp-content\/uploads\/moda_3.JPG","url":"https:\/\/www.steso.cz\/wp-content\/uploads\/moda_3.JPG","height":0,"width":0},"keywords":null}]}