[{"@context":"https:\/\/schema.org\/","@type":"Article","@id":"https:\/\/www.steso.cz\/nemam-rada-svabi\/#Article","mainEntityOfPage":"https:\/\/www.steso.cz\/nemam-rada-svabi\/","headline":"Nem\u00e1m r\u00e1da \u0161v\u00e1bi","name":"Nem\u00e1m r\u00e1da \u0161v\u00e1bi","description":"N\u011bkdy je opravdu hodn\u011b nep\u0159\u00edjemn\u00e9, kdy\u017e zjist\u00edte, \u017ee je doma. M\u00e1te n\u011bjak\u00e9 brouky anebo my\u0161i \u010di potkany. Nejhor\u0161\u00ed je. Pokud [&hellip;]","datePublished":"2024-12-23","dateModified":"2024-12-23","author":{"@type":"Person","@id":"https:\/\/www.steso.cz\/author\/#Person","name":"","url":"https:\/\/www.steso.cz\/author\/","identifier":1,"image":{"@type":"ImageObject","@id":"https:\/\/secure.gravatar.com\/avatar\/01173f1da90dde8adb887d6793fa4e42c4004e53f8d645d9b1cb57c2dee8e188?s=96&d=mm&r=g","url":"https:\/\/secure.gravatar.com\/avatar\/01173f1da90dde8adb887d6793fa4e42c4004e53f8d645d9b1cb57c2dee8e188?s=96&d=mm&r=g","height":96,"width":96}},"publisher":{"@type":"Organization","name":"steso.cz","logo":{"@type":"ImageObject","@id":"\/logo.png","url":"\/logo.png","width":600,"height":60}},"image":{"@type":"ImageObject","@id":"https:\/\/www.steso.cz\/wp-content\/uploads\/%C5%A1v%C3%A1b_4.jpg","url":"https:\/\/www.steso.cz\/wp-content\/uploads\/%C5%A1v%C3%A1b_4.jpg","height":0,"width":0},"url":"https:\/\/www.steso.cz\/nemam-rada-svabi\/","about":["Podnik\u00e1n\u00ed"],"wordCount":424,"articleBody":"       N\u011bkdy je opravdu hodn\u011b nep\u0159\u00edjemn\u00e9, kdy\u017e zjist\u00edte, \u017ee je doma. M\u00e1te n\u011bjak\u00e9 brouky anebo my\u0161i \u010di potkany. Nejhor\u0161\u00ed je. Pokud m\u00e1te doma, \u0161v\u00e1bi anebo t\u0159eba i mravence \u010di blechy. My jsme doma u\u017e m\u011bli n\u011bkolikr\u00e1t blechy, a to je hlavn\u011b kv\u016fli tomu, \u017ee j\u00e1 jako mal\u00e1 holka jsem si st\u00e1le dom\u016f tahala ciz\u00ed opu\u0161t\u011bn\u00e9 ko\u010dky anebo psi. Tak\u00e9 jsem si pr\u00e1v\u011b dom\u016f p\u016fj\u010dovala psi z \u00fatulku. A to v\u017edycky maminka nad\u00e1vala, proto\u017ee z t\u011bch ps\u016f v\u017edycky odpad\u00e1vala \u0161p\u00edna a tak\u00e9 blechy. A po n\u011bkolika m\u011bs\u00edc\u00edch maminka zjistila, \u017ee doma m\u00e1me i \u0161v\u00e1bi. Je to sice u\u017e n\u011bkolik let zp\u00e1tky, ale na to nikdy nezapomenu. Maminka se r\u016fzn\u00fdch brouk\u016f, a to hlavn\u011b \u0161v\u00e1b\u016f stra\u0161n\u011b \u0161t\u00edt\u00ed. A boj\u00ed se jich. Stejn\u011b hlavn\u011b tak pavouk\u016f a podobn\u011b. Huben\u00ed \u0161v\u00e1b\u016f je tady proto velice d\u016fle\u017eit\u00e9. Mysl\u00edm si, \u017ee pokud m\u00e1te doma n\u011bjak\u00e9 \u0161v\u00e1by nebo jinou hav\u011b\u0165, tak pr\u00e1v\u011b bude na \u0159ad\u011b huben\u00ed \u0161v\u00e1b\u016f a dal\u0161\u00ed deratizace. Jako je nap\u0159\u00edklad deratizace blech nebo i deratizace \u0161v\u00e1b\u016f a podobn\u011b. M\u016f\u017eete si tak\u00e9 vyzkou\u0161et n\u011bkde koupit takov\u00e9 deratiza\u010dn\u00ed stani\u010dky? Tyto deratiza\u010dn\u00ed stani\u010dky jsou hlavn\u011b na my\u0161i a na potkany. Jsou to hlavn\u011b takov\u00e9 dome\u010dky a je to kv\u016fli tomu, aby se tam t\u0159eba nedostala ko\u010dka nebo pes a podobn\u011b. A zkou\u0161eli Jist\u00e9 n\u011bkdy u\u017e tak\u00e9 deratiza\u010dn\u00ed stani\u010dky? Pokud ano, tak si mysl\u00edm, \u017ee s t\u00edm m\u00e1te u\u017e mnohalet\u00e9 zku\u0161enosti a tak\u00e9 dobr\u00e9 zku\u0161enosti. Ale pokud m\u00e1te doma opravdu hodn\u011b \u0161v\u00e1b\u016f, tak doporu\u010duji, abyste si sehnali n\u011bjak\u00e9ho deratiz\u00e9ra. Proto\u017ee huben\u00ed \u0161v\u00e1b\u016f nen\u00ed \u00fapln\u011b jednoduch\u00e9. J\u00e1 sama jsem si \u0159ekla, \u017ee kdybych tak\u00e9 pot\u0159ebovala n\u011bjak\u00e9ho deratiz\u00e1tora, \u017ee v\u016fbec nev\u00e1h\u00e1m. Mnoho lid\u00ed tak\u00e9 zaj\u00edm\u00e1 cena na huben\u00ed \u0161v\u00e1b\u016f. \u0158eknu v\u00e1m, \u017ee cena za huben\u00ed \u0161v\u00e1b\u016f je opravdu r\u016fzn\u00e1. Z\u00e1le\u017e\u00ed, jakou firmu vy si vyberete. Nebo tak\u00e9 z\u00e1le\u017e\u00ed na tom, jak moc zanepr\u00e1zdn\u011bn\u00e1 firma \u010di spole\u010dnost je. Opravdu ale nev\u00e1hejte. P\u0159eci nechcete, aby se v\u00e1m potom \u0161v\u00e1bi anebo blechy doma n\u011bjak p\u0159emno\u017eili? Zbaven\u00ed jich je potom n\u00e1ro\u010dn\u00e9.                                                                                                                                                                                                                                                                                                                                                                                          4.2\/5 - (13 votes)        "},{"@context":"https:\/\/schema.org\/","@type":"BreadcrumbList","itemListElement":[{"@type":"ListItem","position":1,"name":"Nem\u00e1m r\u00e1da \u0161v\u00e1bi","item":"https:\/\/www.steso.cz\/nemam-rada-svabi\/#breadcrumbitem"}]}]