[{"@context":"https:\/\/schema.org\/","@type":"Article","@id":"https:\/\/www.steso.cz\/oblibene-elektro\/#Article","mainEntityOfPage":"https:\/\/www.steso.cz\/oblibene-elektro\/","headline":"Obl\u00edben\u00e9 elektro","name":"Obl\u00edben\u00e9 elektro","description":"V\u017edycky jsem tou\u017eila po tom, \u017ee budu m\u00edt opravdu kvalitn\u00ed\u00a0elektro. A kdy\u017e to tak vezmu, tak v dne\u0161n\u00ed dob\u011b opravdu [&hellip;]","datePublished":"2023-02-28","dateModified":"2023-07-28","author":{"@type":"Person","@id":"https:\/\/www.steso.cz\/author\/#Person","name":"","url":"https:\/\/www.steso.cz\/author\/","identifier":1,"image":{"@type":"ImageObject","@id":"https:\/\/secure.gravatar.com\/avatar\/01173f1da90dde8adb887d6793fa4e42c4004e53f8d645d9b1cb57c2dee8e188?s=96&d=mm&r=g","url":"https:\/\/secure.gravatar.com\/avatar\/01173f1da90dde8adb887d6793fa4e42c4004e53f8d645d9b1cb57c2dee8e188?s=96&d=mm&r=g","height":96,"width":96}},"publisher":{"@type":"Organization","name":"steso.cz","logo":{"@type":"ImageObject","@id":"\/logo.png","url":"\/logo.png","width":600,"height":60}},"image":{"@type":"ImageObject","@id":"https:\/\/www.steso.cz\/wp-content\/uploads\/turbine-51755_1280.jpg","url":"https:\/\/www.steso.cz\/wp-content\/uploads\/turbine-51755_1280.jpg","height":0,"width":0},"url":"https:\/\/www.steso.cz\/oblibene-elektro\/","about":["Elektro"],"wordCount":412,"articleBody":"V\u017edycky jsem tou\u017eila po tom, \u017ee budu m\u00edt opravdu kvalitn\u00ed\u00a0elektro. A kdy\u017e to tak vezmu, tak v dne\u0161n\u00ed dob\u011b opravdu v\u0161echno je elektronick\u00e9. Mysl\u00edm si, \u017ee nejlep\u0161\u00ed bude, kdy\u017e si ka\u017ed\u00fd \u010dlov\u011bk uv\u011bdom\u00ed, \u017ee kvalita je v\u017edy na prvn\u00edm m\u00edst\u011b. Tak\u017ee m\u011b velice tak\u00e9 p\u0159ekvapilo, kdy\u017e jsem si kone\u010dn\u011b mohla po\u0159\u00eddit n\u011bco, co m\u011b velice l\u00e1kalo. A tak\u00e9 m\u011b pot\u011b\u0161il fakt, \u017ee jsem si mohla po\u0159\u00eddit n\u011bco elektronick\u00e9ho a mohla jsem si tak\u00e9 u toho mnoho v\u011bc\u00ed ov\u011b\u0159it. Jako\u00a0nap\u0159\u00edklad\u00a0r\u016fzn\u00e9 reference nebo dal\u0161\u00ed v\u011bci od spot\u0159ebitel\u016f. Proto m\u011b t\u011b\u0161\u00ed, \u017ee si pr\u00e1v\u011b ka\u017ed\u00fd z\u00e1jemce o n\u011bjak\u00e9 zbo\u017e\u00ed, kter\u00e9 je technick\u00e9ho nebo elektronick\u00e9ho typu, m\u016f\u017ee zjistit r\u016fzn\u00e9 informace o kvalit\u011b anebo tak\u00e9 dostupnosti. Ani nev\u00edte, jak m\u011b v\u017edycky hodn\u011b na\u0161tve fakt, kdy\u017e jsem si pro n\u011bco \u0161la do obchodu, kdy\u017e to potom nem\u011bli v\u016fbec na sklad\u011b. To m\u011b v\u017edycky vyto\u010dilo, proto\u017ee jsem s t\u00edm u\u017e po\u010d\u00edtala. Jist\u011b si mo\u017en\u00e1 \u0159\u00edk\u00e1te, \u017ee jsem si stav\u00a0elektra\u00a0m\u011bla tak\u00e9 zjistit p\u0159edem na internetu. To jsem tak\u00e9 v\u017edycky ud\u011blala. Poka\u017ed\u00e9 jsem si zji\u0161\u0165ovala r\u016fznou dostupnost elektrick\u00e9ho zbo\u017e\u00ed anebo techniky. V\u017edycky tam bylo ps\u00e1no, \u017ee je to skladem na ur\u010dit\u00e9 prodejn\u011b, tak jsem v\u017edycky \u0161la na tu prodejnu a oni mi \u0159ekli, \u017ee u\u017e t\u00fdden toto zbo\u017e\u00ed v\u016fbec nen\u00ed na sklad\u011b. Pr\u00fd jenom pozd\u011b aktualizuj\u00ed v\u00fdsledky na internetu. V\u017edycky m\u011b to na\u0161tvalo, proto\u017ee b\u011bhem m\u011bs\u00edce se mi to stalo u\u017e \u010dty\u0159ikr\u00e1t a douf\u00e1m, \u017ee u\u017e se mi to v\u016fbec nestane. Jinak asi vylet\u00edm z k\u016f\u017ee. Jinak elektrick\u00e9 v\u011bci m\u00e1m opravdu hodn\u011b r\u00e1da a t\u011b\u0161\u00ed m\u011b, \u017ee jsou velice obl\u00edben\u00e9 v\u0161emi u\u017eivateli a do technick\u00e9ho elektrick\u00e9 v\u011bci jdou st\u00e1le s dobou dop\u0159edu. M\u011b tak\u00e9 moc bav\u00ed, kdy\u017e t\u0159eba tak\u00e9 lidem mohu pomoct. J\u00e1 se docela u\u017e dob\u0159e v technice a v\u00a0elektru\u00a0vyzn\u00e1m, tak\u00a0n\u011bjak\u00e9\u00a0znalosti u\u017e m\u00e1m. Kolikr\u00e1t\u00a0si ale \u0159\u00edk\u00e1m, jak je prima, \u017ee je k elektru lehk\u00fd p\u0159\u00edstup, \u017ee \u010dlov\u011bk m\u00e1 pak v\u0161e zjednodu\u0161en\u00e9.\u00a0                                                                                                                                                                                                                                                                                                                                                                                        4.3\/5 - (9 votes)        "},{"@context":"https:\/\/schema.org\/","@type":"BreadcrumbList","itemListElement":[{"@type":"ListItem","position":1,"name":"Obl\u00edben\u00e9 elektro","item":"https:\/\/www.steso.cz\/oblibene-elektro\/#breadcrumbitem"}]}]