[{"@context":"https:\/\/schema.org\/","@type":"Blog","@id":"https:\/\/www.steso.cz#Blog","headline":"Steso","description":"\nKvalitn\u00ed a cenov\u011b dokonal\u00e9 nab\u00eddky nenajdeme na v\u0161ech internetov\u00fdch str\u00e1nk\u00e1ch. Ty mus\u00edme hledat. A nejsn\u00e1ze jsou k nalezen\u00ed u n\u00e1s, na na\u0161em webu.","url":"https:\/\/www.steso.cz","hasPart":[{"@type":"Article","@id":"https:\/\/www.steso.cz\/proc-chodime-radi-k-barberovi\/","headline":"Pro\u010d chod\u00edme r\u00e1di k barberovi","url":"https:\/\/www.steso.cz\/proc-chodime-radi-k-barberovi\/","datePublished":"2024-11-27","dateModified":"2024-11-27","mainEntityOfPage":"https:\/\/www.steso.cz\/proc-chodime-radi-k-barberovi\/","author":{"@type":"Person","@id":"https:\/\/www.steso.cz\/author\/#Person","name":"","url":"https:\/\/www.steso.cz\/author\/","identifier":1,"image":{"@type":"ImageObject","@id":"https:\/\/secure.gravatar.com\/avatar\/01173f1da90dde8adb887d6793fa4e42c4004e53f8d645d9b1cb57c2dee8e188?s=96&d=mm&r=g","url":"https:\/\/secure.gravatar.com\/avatar\/01173f1da90dde8adb887d6793fa4e42c4004e53f8d645d9b1cb57c2dee8e188?s=96&d=mm&r=g","height":96,"width":96}},"publisher":{"@type":"Organization","name":"steso.cz","logo":{"@type":"ImageObject","@id":"\/logo.png","url":"\/logo.png","width":600,"height":60}},"image":{"@type":"ImageObject","@id":"https:\/\/www.steso.cz\/wp-content\/uploads\/barber-shop-5212042_640.jpg","url":"https:\/\/www.steso.cz\/wp-content\/uploads\/barber-shop-5212042_640.jpg","height":0,"width":0},"wordCount":671,"keywords":null},{"@type":"Article","@id":"https:\/\/www.steso.cz\/zvyste-sve-sance\/","headline":"Zvy\u0161te sv\u00e9 \u0161ance","url":"https:\/\/www.steso.cz\/zvyste-sve-sance\/","datePublished":"2024-11-25","dateModified":"2024-11-25","mainEntityOfPage":"https:\/\/www.steso.cz\/zvyste-sve-sance\/","author":{"@type":"Person","@id":"https:\/\/www.steso.cz\/author\/#Person","name":"","url":"https:\/\/www.steso.cz\/author\/","identifier":1,"image":{"@type":"ImageObject","@id":"https:\/\/secure.gravatar.com\/avatar\/01173f1da90dde8adb887d6793fa4e42c4004e53f8d645d9b1cb57c2dee8e188?s=96&d=mm&r=g","url":"https:\/\/secure.gravatar.com\/avatar\/01173f1da90dde8adb887d6793fa4e42c4004e53f8d645d9b1cb57c2dee8e188?s=96&d=mm&r=g","height":96,"width":96}},"publisher":{"@type":"Organization","name":"steso.cz","logo":{"@type":"ImageObject","@id":"\/logo.png","url":"\/logo.png","width":600,"height":60}},"image":{"@type":"ImageObject","@id":"https:\/\/www.steso.cz\/wp-content\/uploads\/pexels-coldbeer-277046249-14091613%20(1).jpg","url":"https:\/\/www.steso.cz\/wp-content\/uploads\/pexels-coldbeer-277046249-14091613%20(1).jpg","height":0,"width":0},"wordCount":544,"keywords":null},{"@type":"Article","@id":"https:\/\/www.steso.cz\/vytvorime-pro-vas-to-prave\/","headline":"Vytvo\u0159\u00edme pro V\u00e1s to prav\u00e9","url":"https:\/\/www.steso.cz\/vytvorime-pro-vas-to-prave\/","datePublished":"2024-11-23","dateModified":"2024-11-23","mainEntityOfPage":"https:\/\/www.steso.cz\/vytvorime-pro-vas-to-prave\/","author":{"@type":"Person","@id":"https:\/\/www.steso.cz\/author\/#Person","name":"","url":"https:\/\/www.steso.cz\/author\/","identifier":1,"image":{"@type":"ImageObject","@id":"https:\/\/secure.gravatar.com\/avatar\/01173f1da90dde8adb887d6793fa4e42c4004e53f8d645d9b1cb57c2dee8e188?s=96&d=mm&r=g","url":"https:\/\/secure.gravatar.com\/avatar\/01173f1da90dde8adb887d6793fa4e42c4004e53f8d645d9b1cb57c2dee8e188?s=96&d=mm&r=g","height":96,"width":96}},"publisher":{"@type":"Organization","name":"steso.cz","logo":{"@type":"ImageObject","@id":"\/logo.png","url":"\/logo.png","width":600,"height":60}},"image":null,"wordCount":289,"keywords":null},{"@type":"Article","@id":"https:\/\/www.steso.cz\/vase-naroky-v-budoucnosti\/","headline":"Va\u0161e n\u00e1roky v budoucnosti","url":"https:\/\/www.steso.cz\/vase-naroky-v-budoucnosti\/","datePublished":"2024-11-17","dateModified":"2024-11-17","mainEntityOfPage":"https:\/\/www.steso.cz\/vase-naroky-v-budoucnosti\/","author":{"@type":"Person","@id":"https:\/\/www.steso.cz\/author\/#Person","name":"","url":"https:\/\/www.steso.cz\/author\/","identifier":1,"image":{"@type":"ImageObject","@id":"https:\/\/secure.gravatar.com\/avatar\/01173f1da90dde8adb887d6793fa4e42c4004e53f8d645d9b1cb57c2dee8e188?s=96&d=mm&r=g","url":"https:\/\/secure.gravatar.com\/avatar\/01173f1da90dde8adb887d6793fa4e42c4004e53f8d645d9b1cb57c2dee8e188?s=96&d=mm&r=g","height":96,"width":96}},"publisher":{"@type":"Organization","name":"steso.cz","logo":{"@type":"ImageObject","@id":"\/logo.png","url":"\/logo.png","width":600,"height":60}},"image":null,"wordCount":226,"keywords":null},{"@type":"Article","@id":"https:\/\/www.steso.cz\/potkani-nam-skodi\/","headline":"Potkani n\u00e1m \u0161kod\u00ed","url":"https:\/\/www.steso.cz\/potkani-nam-skodi\/","datePublished":"2024-11-10","dateModified":"2024-11-10","mainEntityOfPage":"https:\/\/www.steso.cz\/potkani-nam-skodi\/","author":{"@type":"Person","@id":"https:\/\/www.steso.cz\/author\/#Person","name":"","url":"https:\/\/www.steso.cz\/author\/","identifier":1,"image":{"@type":"ImageObject","@id":"https:\/\/secure.gravatar.com\/avatar\/01173f1da90dde8adb887d6793fa4e42c4004e53f8d645d9b1cb57c2dee8e188?s=96&d=mm&r=g","url":"https:\/\/secure.gravatar.com\/avatar\/01173f1da90dde8adb887d6793fa4e42c4004e53f8d645d9b1cb57c2dee8e188?s=96&d=mm&r=g","height":96,"width":96}},"publisher":{"@type":"Organization","name":"steso.cz","logo":{"@type":"ImageObject","@id":"\/logo.png","url":"\/logo.png","width":600,"height":60}},"image":{"@type":"ImageObject","@id":"https:\/\/www.steso.cz\/wp-content\/uploads\/rat-4075128_1280.jpg","url":"https:\/\/www.steso.cz\/wp-content\/uploads\/rat-4075128_1280.jpg","height":0,"width":0},"wordCount":598,"keywords":null},{"@type":"Article","@id":"https:\/\/www.steso.cz\/jednou-z-moznosti-jsou-i-tzv-foto-obrazy\/","headline":"Jednou z mo\u017enost\u00ed jsou i tzv. foto obrazy","url":"https:\/\/www.steso.cz\/jednou-z-moznosti-jsou-i-tzv-foto-obrazy\/","datePublished":"2024-11-09","dateModified":"2024-11-09","mainEntityOfPage":"https:\/\/www.steso.cz\/jednou-z-moznosti-jsou-i-tzv-foto-obrazy\/","author":{"@type":"Person","@id":"https:\/\/www.steso.cz\/author\/#Person","name":"","url":"https:\/\/www.steso.cz\/author\/","identifier":1,"image":{"@type":"ImageObject","@id":"https:\/\/secure.gravatar.com\/avatar\/01173f1da90dde8adb887d6793fa4e42c4004e53f8d645d9b1cb57c2dee8e188?s=96&d=mm&r=g","url":"https:\/\/secure.gravatar.com\/avatar\/01173f1da90dde8adb887d6793fa4e42c4004e53f8d645d9b1cb57c2dee8e188?s=96&d=mm&r=g","height":96,"width":96}},"publisher":{"@type":"Organization","name":"steso.cz","logo":{"@type":"ImageObject","@id":"\/logo.png","url":"\/logo.png","width":600,"height":60}},"image":null,"wordCount":226,"keywords":null},{"@type":"Article","@id":"https:\/\/www.steso.cz\/co-je-na-uklidu-kancelari-nejdulezitejsi\/","headline":"Co je na \u00faklidu kancel\u00e1\u0159\u00ed nejd\u016fle\u017eit\u011bj\u0161\u00ed","url":"https:\/\/www.steso.cz\/co-je-na-uklidu-kancelari-nejdulezitejsi\/","datePublished":"2024-11-05","dateModified":"2024-11-05","mainEntityOfPage":"https:\/\/www.steso.cz\/co-je-na-uklidu-kancelari-nejdulezitejsi\/","author":{"@type":"Person","@id":"https:\/\/www.steso.cz\/author\/#Person","name":"","url":"https:\/\/www.steso.cz\/author\/","identifier":1,"image":{"@type":"ImageObject","@id":"https:\/\/secure.gravatar.com\/avatar\/01173f1da90dde8adb887d6793fa4e42c4004e53f8d645d9b1cb57c2dee8e188?s=96&d=mm&r=g","url":"https:\/\/secure.gravatar.com\/avatar\/01173f1da90dde8adb887d6793fa4e42c4004e53f8d645d9b1cb57c2dee8e188?s=96&d=mm&r=g","height":96,"width":96}},"publisher":{"@type":"Organization","name":"steso.cz","logo":{"@type":"ImageObject","@id":"\/logo.png","url":"\/logo.png","width":600,"height":60}},"image":{"@type":"ImageObject","@id":"https:\/\/www.steso.cz\/wp-content\/uploads\/feather-duster-709124_640_10_10_10_10_7.jpg","url":"https:\/\/www.steso.cz\/wp-content\/uploads\/feather-duster-709124_640_10_10_10_10_7.jpg","height":0,"width":0},"wordCount":666,"keywords":null},{"@type":"Article","@id":"https:\/\/www.steso.cz\/interier-ktery-dobre-vypada\/","headline":"Interi\u00e9r, kter\u00fd dob\u0159e vypad\u00e1","url":"https:\/\/www.steso.cz\/interier-ktery-dobre-vypada\/","datePublished":"2024-11-04","dateModified":"2024-11-04","mainEntityOfPage":"https:\/\/www.steso.cz\/interier-ktery-dobre-vypada\/","author":{"@type":"Person","@id":"https:\/\/www.steso.cz\/author\/#Person","name":"","url":"https:\/\/www.steso.cz\/author\/","identifier":1,"image":{"@type":"ImageObject","@id":"https:\/\/secure.gravatar.com\/avatar\/01173f1da90dde8adb887d6793fa4e42c4004e53f8d645d9b1cb57c2dee8e188?s=96&d=mm&r=g","url":"https:\/\/secure.gravatar.com\/avatar\/01173f1da90dde8adb887d6793fa4e42c4004e53f8d645d9b1cb57c2dee8e188?s=96&d=mm&r=g","height":96,"width":96}},"publisher":{"@type":"Organization","name":"steso.cz","logo":{"@type":"ImageObject","@id":"\/logo.png","url":"\/logo.png","width":600,"height":60}},"image":null,"wordCount":295,"keywords":null},{"@type":"Article","@id":"https:\/\/www.steso.cz\/s-modernim-jadrovym-vrtanim-je-vse-hotovo-rychle\/","headline":"S modern\u00edm j\u00e1drov\u00fdm vrt\u00e1n\u00edm je v\u0161e hotovo rychle","url":"https:\/\/www.steso.cz\/s-modernim-jadrovym-vrtanim-je-vse-hotovo-rychle\/","datePublished":"2024-10-29","dateModified":"2024-10-29","mainEntityOfPage":"https:\/\/www.steso.cz\/s-modernim-jadrovym-vrtanim-je-vse-hotovo-rychle\/","author":{"@type":"Person","@id":"https:\/\/www.steso.cz\/author\/#Person","name":"","url":"https:\/\/www.steso.cz\/author\/","identifier":1,"image":{"@type":"ImageObject","@id":"https:\/\/secure.gravatar.com\/avatar\/01173f1da90dde8adb887d6793fa4e42c4004e53f8d645d9b1cb57c2dee8e188?s=96&d=mm&r=g","url":"https:\/\/secure.gravatar.com\/avatar\/01173f1da90dde8adb887d6793fa4e42c4004e53f8d645d9b1cb57c2dee8e188?s=96&d=mm&r=g","height":96,"width":96}},"publisher":{"@type":"Organization","name":"steso.cz","logo":{"@type":"ImageObject","@id":"\/logo.png","url":"\/logo.png","width":600,"height":60}},"image":null,"wordCount":278,"keywords":null},{"@type":"Article","@id":"https:\/\/www.steso.cz\/myslete-na-zadni-kolecka-nepodcenujte-vlastni-strechu-nad-hlavou\/","headline":"Myslete na zadn\u00ed kole\u010dka \u2013 nepodce\u0148ujte vlastn\u00ed st\u0159echu nad hlavou","url":"https:\/\/www.steso.cz\/myslete-na-zadni-kolecka-nepodcenujte-vlastni-strechu-nad-hlavou\/","datePublished":"2024-10-20","dateModified":"2024-10-20","mainEntityOfPage":"https:\/\/www.steso.cz\/myslete-na-zadni-kolecka-nepodcenujte-vlastni-strechu-nad-hlavou\/","author":{"@type":"Person","@id":"https:\/\/www.steso.cz\/author\/#Person","name":"","url":"https:\/\/www.steso.cz\/author\/","identifier":1,"image":{"@type":"ImageObject","@id":"https:\/\/secure.gravatar.com\/avatar\/01173f1da90dde8adb887d6793fa4e42c4004e53f8d645d9b1cb57c2dee8e188?s=96&d=mm&r=g","url":"https:\/\/secure.gravatar.com\/avatar\/01173f1da90dde8adb887d6793fa4e42c4004e53f8d645d9b1cb57c2dee8e188?s=96&d=mm&r=g","height":96,"width":96}},"publisher":{"@type":"Organization","name":"steso.cz","logo":{"@type":"ImageObject","@id":"\/logo.png","url":"\/logo.png","width":600,"height":60}},"image":{"@type":"ImageObject","@id":"https:\/\/www.steso.cz\/wp-content\/uploads\/house-3371511_640.jpg","url":"https:\/\/www.steso.cz\/wp-content\/uploads\/house-3371511_640.jpg","height":0,"width":0},"wordCount":621,"keywords":null}]},{"@context":"https:\/\/schema.org","@type":"WebSite","@id":"https:\/\/www.steso.cz\/#website","name":"Steso","url":"https:\/\/www.steso.cz","potentialAction":{"@type":"SearchAction","target":"https:\/\/www.steso.cz\/?s={search_term_string}","query-input":"required name=search_term_string"}}]